{"id":13637,"date":"2023-04-19T10:17:15","date_gmt":"2023-04-19T13:17:15","guid":{"rendered":"https:\/\/vidasraras.org.br\/sitewp\/?p=13637"},"modified":"2023-04-24T11:11:05","modified_gmt":"2023-04-24T14:11:05","slug":"guilherme-um-lindo-menino-com-duas-sindromas-raras","status":"publish","type":"post","link":"https:\/\/vidasraras.org.br\/sitewp\/guilherme-um-lindo-menino-com-duas-sindromas-raras\/","title":{"rendered":"Guilherme, um lindo menino com duas s\u00edndromes raras"},"content":{"rendered":"\n<p class=\"wp-block-paragraph\">Meu nome \u00e9 Ilzenir Ferreira Barros, tenho um beb\u00ea com 2 s\u00edndromes raras, da minha segunda gravidez.\u00a0 Meu primeiro filho tem 7 anos, n\u00e3o tem nenhum problema de sa\u00fade ou s\u00edndrome.<\/p>\n\n\n\n<p class=\"wp-block-paragraph\"><br>Guilherme Ferreira Barros nasceu em 19\/05\/2021.\u00a0Descobri na gravidez que ele tinha uma dilata\u00e7\u00e3o nos ventr\u00edculos da cabe\u00e7a.\u00a0Nasceu a termo, de 38 semanas e 5 dias, mas precisou ficar na UTI por 18 dias, teve dificuldade de respirar, cianose e hipoglicemia.\u00a0Ele foi encaminhado para um neuropediatra e faz acompanhamento por equipe multidisciplinar. Fez exame de gen\u00e9tica.<br><br>Spn Array:\u00a0Diagn\u00f3stico: Trissomia parcial 1q, em mosaico. S\u00edndrome de microdele\u00e7\u00e3o 2p25.3 (OMIM # 616521), em mosaico.<br><br>Em mar\u00e7o\/22 foi internado com Pneumonia aspirativa,\u00a0 precisou de UTI, foi entubado, fez traqueostomia e gastrostomia. \u00c9 dependente de oxig\u00eanio. Est\u00e1 em homecare com enfermagem 24 h.\u00a0<br><br>Essas s\u00e3o as s\u00edndromes dele, gostaria de saber se tem mais pessoas no Brasil com um ou as duas s\u00edndromes.<br>Somos de Taubat\u00e9 interior de S\u00e3o Paulo. Cidade do Padre Marlon M\u00facio.<\/p>\n\n\n\n<p class=\"wp-block-paragraph\"><br>Atenciosamente, <br>Ilzenir<br>@gui-simpatia<\/p>\n\n\n\n<div class=\"wp-block-image\"><figure class=\"aligncenter size-large\"><img fetchpriority=\"high\" decoding=\"async\" width=\"780\" height=\"1040\" src=\"https:\/\/vidasraras.org.br\/sitewp\/wp-content\/uploads\/2023\/04\/IMG-20230208-WA0020-780x1040.jpg\" alt=\"\" class=\"wp-image-13638\" srcset=\"https:\/\/vidasraras.org.br\/sitewp\/wp-content\/uploads\/2023\/04\/IMG-20230208-WA0020.jpg 780w, https:\/\/vidasraras.org.br\/sitewp\/wp-content\/uploads\/2023\/04\/IMG-20230208-WA0020-768x1024.jpg 768w\" sizes=\"(max-width: 780px) 100vw, 780px\" \/><\/figure><\/div>\n","protected":false},"excerpt":{"rendered":"<p>Meu nome \u00e9 Ilzenir Ferreira Barros, tenho um beb\u00ea com&hellip;<\/p>\n<p> <a class=\"more-link\" href=\"https:\/\/vidasraras.org.br\/sitewp\/guilherme-um-lindo-menino-com-duas-sindromas-raras\/\">Leia mais<\/a><\/p>\n","protected":false},"author":6,"featured_media":13638,"comment_status":"open","ping_status":"open","sticky":false,"template":"","format":"standard","meta":{"footnotes":""},"categories":[256],"tags":[],"class_list":["post-13637","post","type-post","status-publish","format-standard","has-post-thumbnail","category-conte-sua-historia"],"_links":{"self":[{"href":"https:\/\/vidasraras.org.br\/sitewp\/wp-json\/wp\/v2\/posts\/13637","targetHints":{"allow":["GET"]}}],"collection":[{"href":"https:\/\/vidasraras.org.br\/sitewp\/wp-json\/wp\/v2\/posts"}],"about":[{"href":"https:\/\/vidasraras.org.br\/sitewp\/wp-json\/wp\/v2\/types\/post"}],"author":[{"embeddable":true,"href":"https:\/\/vidasraras.org.br\/sitewp\/wp-json\/wp\/v2\/users\/6"}],"replies":[{"embeddable":true,"href":"https:\/\/vidasraras.org.br\/sitewp\/wp-json\/wp\/v2\/comments?post=13637"}],"version-history":[{"count":2,"href":"https:\/\/vidasraras.org.br\/sitewp\/wp-json\/wp\/v2\/posts\/13637\/revisions"}],"predecessor-version":[{"id":13643,"href":"https:\/\/vidasraras.org.br\/sitewp\/wp-json\/wp\/v2\/posts\/13637\/revisions\/13643"}],"wp:featuredmedia":[{"embeddable":true,"href":"https:\/\/vidasraras.org.br\/sitewp\/wp-json\/wp\/v2\/media\/13638"}],"wp:attachment":[{"href":"https:\/\/vidasraras.org.br\/sitewp\/wp-json\/wp\/v2\/media?parent=13637"}],"wp:term":[{"taxonomy":"category","embeddable":true,"href":"https:\/\/vidasraras.org.br\/sitewp\/wp-json\/wp\/v2\/categories?post=13637"},{"taxonomy":"post_tag","embeddable":true,"href":"https:\/\/vidasraras.org.br\/sitewp\/wp-json\/wp\/v2\/tags?post=13637"}],"curies":[{"name":"wp","href":"https:\/\/api.w.org\/{rel}","templated":true}]}}