{"id":13771,"date":"2023-12-26T17:57:18","date_gmt":"2023-12-26T19:57:18","guid":{"rendered":"https:\/\/vidasraras.org.br\/sitewp\/?p=13771"},"modified":"2023-12-26T17:58:31","modified_gmt":"2023-12-26T19:58:31","slug":"13771-2","status":"publish","type":"post","link":"https:\/\/vidasraras.org.br\/sitewp\/13771-2\/","title":{"rendered":"A hist\u00f3ria inspiradora da Celina"},"content":{"rendered":"\n<p class=\"wp-block-paragraph\">Me chamo Celyna, tenho 40 anos e sou de Natal, Rio Grande do Norte. Tenho o diagn\u00f3stico de paraparesia esp\u00e1stica heredit\u00e1ria subtipo SPG4. Meus sintomas iniciaram-se na inf\u00e2ncia, mas s\u00f3 fui diagnosticada corretamente aos 26 anos. <\/p>\n\n\n\n<p class=\"wp-block-paragraph\">Cheguei a sofrer bullying por andar diferente de outras crian\u00e7as. Hoje eu ando com aux\u00edlio de bengala e de \u00f3rteses. Fa\u00e7o fisioterapia, equoterapia e pilates, tendo que conciliar o tempo de terapias com o trabalho, a familia e a atua\u00e7\u00e3o como uma das dirigentes da Aspec Brasil e como embaixadora no Texas da Spastic Paraplegia Foundation, funda\u00e7\u00e3o de paraparesia esp\u00e1stica nos Estados Unidos. <\/p>\n\n\n\n<p class=\"wp-block-paragraph\">Apesar de todas as dificuldades, n\u00e3o desisti dos meus sonhos. Me formei em qu\u00edmica e fiz mestrado em engenharia qu\u00edmica pela Universidade Federal do Rio Grande do Norte (UFRN). Fiz doutorado em engenharia qu\u00edmica pela Universidade de S\u00e3o Paulo (USP). <\/p>\n\n\n\n<p class=\"wp-block-paragraph\">Atualmente, sou professora de qu\u00edmica em uma universidade nos Estados Unidos.<\/p>\n\n\n\n<div class=\"wp-block-image\"><figure class=\"aligncenter size-large\"><img fetchpriority=\"high\" decoding=\"async\" width=\"1024\" height=\"1024\" src=\"https:\/\/vidasraras.org.br\/sitewp\/wp-content\/uploads\/2023\/12\/image_6483441-1024x1024.jpg\" alt=\"\" class=\"wp-image-13772\" srcset=\"https:\/\/vidasraras.org.br\/sitewp\/wp-content\/uploads\/2023\/12\/image_6483441-1024x1024.jpg 1024w, https:\/\/vidasraras.org.br\/sitewp\/wp-content\/uploads\/2023\/12\/image_6483441-300x300.jpg 300w, https:\/\/vidasraras.org.br\/sitewp\/wp-content\/uploads\/2023\/12\/image_6483441-150x150.jpg 150w, https:\/\/vidasraras.org.br\/sitewp\/wp-content\/uploads\/2023\/12\/image_6483441-768x768.jpg 768w, https:\/\/vidasraras.org.br\/sitewp\/wp-content\/uploads\/2023\/12\/image_6483441.jpg 1276w, https:\/\/vidasraras.org.br\/sitewp\/wp-content\/uploads\/2023\/12\/image_6483441-600x600.jpg 600w\" sizes=\"(max-width: 1024px) 100vw, 1024px\" \/><\/figure><\/div>\n","protected":false},"excerpt":{"rendered":"<p>Me chamo Celyna, tenho 40 anos e sou de Natal,&hellip;<\/p>\n<p> <a class=\"more-link\" href=\"https:\/\/vidasraras.org.br\/sitewp\/13771-2\/\">Leia mais<\/a><\/p>\n","protected":false},"author":6,"featured_media":13772,"comment_status":"open","ping_status":"open","sticky":false,"template":"","format":"standard","meta":{"footnotes":""},"categories":[256],"tags":[],"class_list":["post-13771","post","type-post","status-publish","format-standard","has-post-thumbnail","category-conte-sua-historia"],"_links":{"self":[{"href":"https:\/\/vidasraras.org.br\/sitewp\/wp-json\/wp\/v2\/posts\/13771","targetHints":{"allow":["GET"]}}],"collection":[{"href":"https:\/\/vidasraras.org.br\/sitewp\/wp-json\/wp\/v2\/posts"}],"about":[{"href":"https:\/\/vidasraras.org.br\/sitewp\/wp-json\/wp\/v2\/types\/post"}],"author":[{"embeddable":true,"href":"https:\/\/vidasraras.org.br\/sitewp\/wp-json\/wp\/v2\/users\/6"}],"replies":[{"embeddable":true,"href":"https:\/\/vidasraras.org.br\/sitewp\/wp-json\/wp\/v2\/comments?post=13771"}],"version-history":[{"count":2,"href":"https:\/\/vidasraras.org.br\/sitewp\/wp-json\/wp\/v2\/posts\/13771\/revisions"}],"predecessor-version":[{"id":13774,"href":"https:\/\/vidasraras.org.br\/sitewp\/wp-json\/wp\/v2\/posts\/13771\/revisions\/13774"}],"wp:featuredmedia":[{"embeddable":true,"href":"https:\/\/vidasraras.org.br\/sitewp\/wp-json\/wp\/v2\/media\/13772"}],"wp:attachment":[{"href":"https:\/\/vidasraras.org.br\/sitewp\/wp-json\/wp\/v2\/media?parent=13771"}],"wp:term":[{"taxonomy":"category","embeddable":true,"href":"https:\/\/vidasraras.org.br\/sitewp\/wp-json\/wp\/v2\/categories?post=13771"},{"taxonomy":"post_tag","embeddable":true,"href":"https:\/\/vidasraras.org.br\/sitewp\/wp-json\/wp\/v2\/tags?post=13771"}],"curies":[{"name":"wp","href":"https:\/\/api.w.org\/{rel}","templated":true}]}}